{"id":75206,"date":"2019-08-29T16:40:11","date_gmt":"2019-08-29T14:40:11","guid":{"rendered":"https:\/\/thegoodwins.de\/?p=75206"},"modified":"2023-03-29T18:08:24","modified_gmt":"2023-03-29T16:08:24","slug":"maurice-pfleiderer-wird-geschaeftsfuehrer-der-berliner-agentur","status":"publish","type":"post","link":"https:\/\/thegoodwins.de\/en\/maurice-pfleiderer-wird-geschaeftsfuehrer-der-berliner-agentur","title":{"rendered":"Maurice Pfleiderer wird Gesch\u00e4ftsf\u00fchrer der Berliner Agentur"},"content":{"rendered":"<div class=\"wpb-content-wrapper\"><div data-parent=\"true\" class=\"vc_row has-bg need-focus style-color-xsdn-bg row-container\" id=\"row-unique-0\"><div class=\"row single-top-padding single-bottom-padding single-h-padding limit-width row-parent\"><div class=\"wpb_row row-inner\"><div class=\"wpb_column pos-top pos-center align_left column_parent col-lg-12 single-internal-gutter\"><div class=\"uncol style-light font-134980\"  ><div class=\"uncoltable\"><div class=\"uncell\" ><div class=\"uncont no-block-padding col-custom-width\" style=\" max-width:804px;\" ><div class=\"vc_custom_heading_wrap\"><div class=\"heading-text el-text\" ><p class=\"font-129920 font-weight-700\" ><span>B\u00e4rbel Unkrich <a class=\"pink-button-small\" href=\"https:\/\/www.horizont.net\/agenturen\/nachrichten\/the-goodwins-maurice-pfleiderer-wird-geschaeftsfuehrer-der-berliner-agentur-177133?utm_source=%2Fmeta%2Fnewsflash%2Fvor9&amp;utm_medium=newsletter&amp;utm_campaign=nl35928&amp;utm_term=7117144719c0d1e174c1eb090a6b2232\" target=\"_blank\" rel=\"noopener\"><span style=\"color: #000000;\">Horizont<\/span><\/a><\/span><\/p><\/div><div class=\"clear\"><\/div><\/div><div class=\"vc_custom_heading_wrap\"><div class=\"heading-text el-text\" ><p class=\"font-129920 font-weight-700\" ><span>Die Berliner Agentur The Goodwins bekommt erstmals einen Beratungschef. Der Nach\u00adhaltigkeits\u00adexperte Maurice Pfleiderer steigt bei der auf CSR und Social Campaigning spezialisierten Agentur ein, die Ende 2018 von der Strategin Franka Mai und den Kreativen Tim St\u00fcbane und Mirko Stolz gegr\u00fcndet wurde.<\/span><\/p><\/div><div class=\"clear\"><\/div><\/div><div class=\"uncode_text_column\" ><p>Pfleiderer d\u00fcrfte in der Branche vielen noch als Gesch\u00e4fts\u00adf\u00fchrer der einstigen Vorzeige\u00adagentur Springer &amp; Jacoby bekannt sein. Vor zehn Jahren machte er sich selbst\u00adst\u00e4ndig und hat Unter\u00adnehmen hinsichtlich ihrer kreativen Gesch\u00e4fts\u00adentwicklung beraten. Sein Fokus lag dabei auf nach\u00adhaltigen Gesch\u00e4fts\u00adfeldern und T\u00e4tigkeiten. Daraus entwickelten sich die Start-ups <a class=\"pink-button-small\" href=\"https:\/\/whapow.de\" target=\"_blank\" rel=\"noopener\"><span style=\"color: #000000;\">Whapow Greenergizer<\/span><\/a>, wo er zuletzt als Gesch\u00e4fts\u00adf\u00fchrer t\u00e4tig war, und das CO2-Netzwerk <strong>Coonet<\/strong>, eine digitale Plattform, die einen nach\u00adhaltigen Lebens\u00adstil misst.<\/p>\n<p>Sein daraus gewonnenes Know-how zum Thema Nach\u00adhaltig\u00adkeit wird er k\u00fcnftig bei The Goodwins einbringen.<\/p>\n<p>Dazu erkl\u00e4rt Pfleiderer:<\/p>\n<blockquote>\n<p>&#8222;Meine Leidenschaft f\u00fcr Kommuni\u00adkation in Verbindung mit meiner Nachhaltig\u00adkeits-Expertise f\u00fcgt sich bei The Goodwins wunderbar zusammen. F\u00fcr mich ist es sch\u00f6n zu sehen, dass Sinn in die Kommuni\u00adkations\u00adbranche Einzug h\u00e4lt und ich meine Erfahrungen im Verbund mit diesem hoch kompetenten Top-Team als neues, zeitgem\u00e4\u00dfes Angebot dem Markt verf\u00fcgbar machen kann.&#8220;<\/p>\n<\/blockquote>\n<p>Bei The Goodwins gibt es aktuell nicht nur personelle News, sondern auch Neugesch\u00e4ft zu vermelden. Das Team arbeitet k\u00fcnftig f\u00fcr Blackroll, eine Marke f\u00fcr Regenerations\u00adprodukte, Back\u00admarket, einem Markt\u00adplatz f\u00fcr aufgearbeitete Produkte, und das Schweizer Klein\u00adanzeigen\u00adportal tutti.ch. Im Fr\u00fchjahr machte die Agentur mit einer gro\u00dfen Kampagne f\u00fcr den Gartenger\u00e4te-Hersteller Stihl von sich reden.<\/p>\n<\/div><\/div><\/div><\/div><\/div><\/div><script id=\"script-row-unique-0\" data-row=\"script-row-unique-0\" type=\"text\/javascript\" class=\"vc_controls\">UNCODE.initRow(document.getElementById(\"row-unique-0\"));<\/script><\/div><\/div><\/div><div data-parent=\"true\" class=\"vc_row has-bg need-focus style-color-xsdn-bg row-container\" id=\"row-unique-1\"><div class=\"row single-top-padding single-bottom-padding single-h-padding limit-width row-parent\"><div class=\"wpb_row row-inner\"><div class=\"wpb_column pos-top pos-center align_center column_parent col-lg-12 single-internal-gutter\"><div class=\"uncol style-light\"  ><div class=\"uncoltable\"><div class=\"uncell no-block-padding\" ><div class=\"uncont\" ><div class=\"uncode-wrapper uncode-share\" ><hr class=\"separator-break separator-accent\" \/><div class=\"share-button share-buttons share-inline share-bigger\" data-url=\"\"><\/div><\/div><\/div><\/div><\/div><\/div><\/div><script id=\"script-row-unique-1\" data-row=\"script-row-unique-1\" type=\"text\/javascript\" class=\"vc_controls\">UNCODE.initRow(document.getElementById(\"row-unique-1\"));<\/script><\/div><\/div><\/div>\n<\/div>","protected":false},"excerpt":{"rendered":"B\u00e4rbel Unkrich HorizontDie Berliner Agentur The Goodwins bekommt erstmals einen Beratungschef. Der Nach\u00adhaltigkeits\u00adexperte Maurice Pfleiderer steigt bei der auf CSR [...]","protected":false},"author":1,"featured_media":75209,"comment_status":"closed","ping_status":"open","sticky":false,"template":"","format":"standard","meta":{"footnotes":""},"categories":[118],"tags":[122],"class_list":["post-75206","post","type-post","status-publish","format-standard","has-post-thumbnail","hentry","category-presse","tag-personalie"],"_links":{"self":[{"href":"https:\/\/thegoodwins.de\/en\/wp-json\/wp\/v2\/posts\/75206","targetHints":{"allow":["GET"]}}],"collection":[{"href":"https:\/\/thegoodwins.de\/en\/wp-json\/wp\/v2\/posts"}],"about":[{"href":"https:\/\/thegoodwins.de\/en\/wp-json\/wp\/v2\/types\/post"}],"author":[{"embeddable":true,"href":"https:\/\/thegoodwins.de\/en\/wp-json\/wp\/v2\/users\/1"}],"replies":[{"embeddable":true,"href":"https:\/\/thegoodwins.de\/en\/wp-json\/wp\/v2\/comments?post=75206"}],"version-history":[{"count":0,"href":"https:\/\/thegoodwins.de\/en\/wp-json\/wp\/v2\/posts\/75206\/revisions"}],"wp:featuredmedia":[{"embeddable":true,"href":"https:\/\/thegoodwins.de\/en\/wp-json\/wp\/v2\/media\/75209"}],"wp:attachment":[{"href":"https:\/\/thegoodwins.de\/en\/wp-json\/wp\/v2\/media?parent=75206"}],"wp:term":[{"taxonomy":"category","embeddable":true,"href":"https:\/\/thegoodwins.de\/en\/wp-json\/wp\/v2\/categories?post=75206"},{"taxonomy":"post_tag","embeddable":true,"href":"https:\/\/thegoodwins.de\/en\/wp-json\/wp\/v2\/tags?post=75206"}],"curies":[{"name":"wp","href":"https:\/\/api.w.org\/{rel}","templated":true}]}}